{"id":8623,"date":"2020-06-18T15:52:46","date_gmt":"2020-06-18T20:52:46","guid":{"rendered":"https:\/\/rdmweb.mx\/rdm\/?p=8623"},"modified":"2020-07-09T16:48:55","modified_gmt":"2020-07-09T21:48:55","slug":"cuantas-redes-sociales-debo-abrir","status":"publish","type":"post","link":"https:\/\/rdmweb.mx\/rdm\/cuantas-redes-sociales-debo-abrir\/","title":{"rendered":"\u00bfCu\u00e1ntas Redes Sociales debo abrir?"},"content":{"rendered":"\n<p>Si eres un emprendedor y est\u00e1s dando tus primeros pasos en el ecosistema digital, es probable que te preguntes si tu emprendimiento debe estar en todas las redes sociales. Es l\u00f3gico que quieras decirle al mundo todo lo que haces y lo que ofreces, sin embargo debes tener en cuenta que las redes sociales necesitan que les dediques tiempo, que elabores estrategias s\u00f3lidas, consecuentes con tus objetivos e ideales para conectar con tu comunidad digital.&nbsp;<\/p>\n\n\n\n<p>Entonces, si eres de los que te est\u00e1s preguntando: <strong>\u00bfCu\u00e1ntas redes sociales debo abrir?<\/strong>&nbsp;<\/p>\n\n\n\n<blockquote class=\"wp-block-quote is-style-large is-layout-flow wp-block-quote-is-layout-flow\"><p>La respuesta es muy simple: <strong>Abre la cantidad de redes sociales que puedas manejar y atender bien<\/strong>.\u00a0<\/p><\/blockquote>\n\n\n\n<p>Conc\u00e9ntrate s\u00f3lo en la -<em>o las-<\/em> que puedas nutrir, cuidar y manejar en funci\u00f3n de los objetivos comerciales que te planteas.<\/p>\n\n\n\n<h3 class=\"wp-block-heading\"><strong>No tengas una red por tenerla<\/strong><\/h3>\n\n\n\n<p>Hay muchos emprendedores que, a partir de la idea de que lo mejor es tener presencia en todas las redes, abren cuentas y las abandonan. Si tomaste la decisi\u00f3n de tener presencia en cierta red, s\u00e9 estratega y pon foco en ese espacio virtual. Si no lo haces ser\u00e1n recursos y tiempos que habr\u00e1s tirado a la basura.<\/p>\n\n\n\n<h3 class=\"wp-block-heading\"><strong>No se trata de estar en todas las redes sociales<\/strong><\/h3>\n\n\n\n<p>Si decides abrir una cuenta de Facebook, una de Twitter y una de Instagram, recuerda que los tres soportes son diferentes y a los tres deber\u00e1s curar y diagramar de forma distinta para que realmente funcionen. Hacer esto mientras est\u00e1s sacando a flote tu negocio, puede ser demasiado y es posible que termines por descuidar o abandonar alguna.&nbsp;<\/p>\n\n\n\n<p>Es importante que te vayas adaptando a la din\u00e1mica de cada plataforma, que mantengas tu perfil activo y que atiendas a los clientes que lleguen a \u00e9l.&nbsp;<\/p>\n\n\n\n<p>Aprende qu\u00e9 quiere tu cliente, c\u00f3mo atenderlo y en el momento en que puedas dar el paso a la apertura de otra cuenta, lo har\u00e1s con m\u00e1s certeza.&nbsp;<\/p>\n\n\n\n<h3 class=\"wp-block-heading\"><strong>4 recomendaciones<\/strong><\/h3>\n\n\n\n<ol class=\"wp-block-list\"><li>Reconoce con cu\u00e1les redes est\u00e1s m\u00e1s familiarizado, cu\u00e1les dominas mejor.&nbsp;<\/li><li>Identifica con cu\u00e1l de esas redes combina mejor tu producto, empresa, emprendimiento o servicio.<\/li><li>Dale prioridad a esa red y cuando tengas encaminada tu estrategia de marketing, ve explorando cu\u00e1l es la segunda que te conviene abrir.<\/li><li>Cuando abras tu red social, s\u00e1cale provecho, arma tu comunidad y cuando abras la pr\u00f3xima, ya tendr\u00e1s una comunidad cautiva a la que podr\u00e1s invitar.<\/li><\/ol>\n\n\n\n<p>Las redes sociales fueron pensadas para vincular a las personas y si tienes un negocio, tu prop\u00f3sito debe ser interactuar con los potenciales clientes que se acerquen a tu p\u00e1gina, m\u00e1s a\u00fan si vas a invertir en hacer campa\u00f1as publicitarias.&nbsp;<\/p>\n\n\n\n<p>Cuando estamos empezando un emprendimiento nos toca cubrir todos los roles, sin embargo,&nbsp; lo ideal es que, dentro de tus posibilidades, puedas delegar el manejo de redes sociales en un profesional que tenga experiencia en el \u00e1rea; alguien que conozca el mecanismo, que sepa c\u00f3mo funciona cada plataforma, los tiempos y protocolos de atenci\u00f3n. Una persona que atienda y cuide la cara digital de tu negocio. Delegar esto tambi\u00e9n te permitir\u00e1 filtrar todas las preguntas, dudas y comentarios alrededor de tu producto o servicio y que s\u00f3lo lleguen a tus manos los clientes que ya est\u00e1n listos para concretar un acuerdo o hacer una compra. De esta forma optimizar\u00e1s tu tiempo y podr\u00e1s encargarte de otros asuntos que potencien tu negocio.&nbsp;&nbsp;<\/p>\n\n\n\n<p>Piensa en tus redes sociales como la carta de presentaci\u00f3n digital de tu producto o servicio y en lo importante que es cuidarla. Sabemos que al principio lo m\u00e1s probable es que tengas que abrirlas y manejarlas tu mismo. No te sobresatures abriendo dos o cuatro redes al mismo tiempo porque operativamente no va a ser factible para ti nutrirlas y manejarlas tan bien como quisieras.&nbsp;<\/p>\n\n\n\n<p>\u00bfQu\u00e9 redes sociales elegiste para tu negocio? Cu\u00e9ntanos tu experiencia en los comentarios.<\/p>\n\n\n\n<p>Si requieres asesor\u00eda profesional sobre \u00e9ste y otros temas vinculados a las redes sociales de su negocio puedes contactarnos <a href=\"https:\/\/rdmweb.mx\/rdm\/social-media\/\">aqu\u00ed<\/a><\/p>\n","protected":false},"excerpt":{"rendered":"<p>Si eres un emprendedor y est\u00e1s dando tus primeros pasos en el ecosistema digital, es probable que te preguntes si [&hellip;]<\/p>\n","protected":false},"author":4,"featured_media":8624,"comment_status":"open","ping_status":"open","sticky":false,"template":"","format":"standard","meta":{"_acf_changed":false,"footnotes":""},"categories":[35,33],"tags":[73,61,72],"class_list":["post-8623","post","type-post","status-publish","format-standard","has-post-thumbnail","hentry","category-marketing-digital","category-social-media","tag-facebook","tag-redes-sociales","tag-social-media"],"acf":[],"_links":{"self":[{"href":"https:\/\/rdmweb.mx\/rdm\/wp-json\/wp\/v2\/posts\/8623","targetHints":{"allow":["GET"]}}],"collection":[{"href":"https:\/\/rdmweb.mx\/rdm\/wp-json\/wp\/v2\/posts"}],"about":[{"href":"https:\/\/rdmweb.mx\/rdm\/wp-json\/wp\/v2\/types\/post"}],"author":[{"embeddable":true,"href":"https:\/\/rdmweb.mx\/rdm\/wp-json\/wp\/v2\/users\/4"}],"replies":[{"embeddable":true,"href":"https:\/\/rdmweb.mx\/rdm\/wp-json\/wp\/v2\/comments?post=8623"}],"version-history":[{"count":2,"href":"https:\/\/rdmweb.mx\/rdm\/wp-json\/wp\/v2\/posts\/8623\/revisions"}],"predecessor-version":[{"id":8937,"href":"https:\/\/rdmweb.mx\/rdm\/wp-json\/wp\/v2\/posts\/8623\/revisions\/8937"}],"wp:featuredmedia":[{"embeddable":true,"href":"https:\/\/rdmweb.mx\/rdm\/wp-json\/wp\/v2\/media\/8624"}],"wp:attachment":[{"href":"https:\/\/rdmweb.mx\/rdm\/wp-json\/wp\/v2\/media?parent=8623"}],"wp:term":[{"taxonomy":"category","embeddable":true,"href":"https:\/\/rdmweb.mx\/rdm\/wp-json\/wp\/v2\/categories?post=8623"},{"taxonomy":"post_tag","embeddable":true,"href":"https:\/\/rdmweb.mx\/rdm\/wp-json\/wp\/v2\/tags?post=8623"}],"curies":[{"name":"wp","href":"https:\/\/api.w.org\/{rel}","templated":true}]}}